{"id":2328,"date":"2021-05-25T16:47:48","date_gmt":"2021-05-25T16:47:48","guid":{"rendered":"http:\/\/www.arizacapitallaw.com\/home\/?p=2328"},"modified":"2021-05-26T09:05:08","modified_gmt":"2021-05-26T09:05:08","slug":"asamblea-general-de-socios-ccbe-2021","status":"publish","type":"post","link":"http:\/\/www.arizacapitallaw.com\/home\/pt\/asamblea-general-de-socios-ccbe-2021\/","title":{"rendered":"Asamblea General de Socios CCBE 2021"},"content":{"rendered":"<p><\/p>\n\n\n\n<p id=\"tw-target-text\">A C\u00e2mara de Com\u00e9rcio Brasil-Espanha tem realizado sua Assembleia Geral de Associados em formato h\u00edbrido (presencial e online) e em cumprimento ao Real Decreto 956\/2020, de 3 de novembro, que prorroga o Estado de Alarme declarado na Espanha por Real Decreto 926\/2020, de 25 de outubro.<\/p>\n\n\n\n<p id=\"tw-target-text\">Durante a Assembleia, a nova diretoria foi nomeada, que ser\u00e1 presidida por Trinidad Jim\u00e9nez, diretora de Estrat\u00e9gia de Rela\u00e7\u00f5es P\u00fablicas Globais da Telef\u00f3nica, e o programa eleitoral para o novo mandato foi aprovado, para o per\u00edodo de 2021-2024. <\/p>\n\n\n<p><\/p>\n<p><\/p>","protected":false},"excerpt":{"rendered":"<p>La&nbsp;C\u00e1mara de Comercio Brasil-Espa\u00f1a (CCBE) ha celebrado su Asamblea General de Socios en formato h\u00edbrido&nbsp;(presencial y telem\u00e1tico) y en cumplimiento con el Real Decreto 956\/2020, del 3 de noviembre, por el que se prorroga el Estado de Alarma declarado en Espa\u00f1a a trav\u00e9s del Real Decreto 926\/2020, de 25 de octubre. Durante la Asamblea se [&hellip;]<\/p>\n","protected":false},"author":1,"featured_media":2329,"comment_status":"closed","ping_status":"closed","sticky":false,"template":"","format":"standard","meta":[],"categories":[18,57],"tags":[98,99],"yoast_head":"<!-- This site is optimized with the Yoast SEO plugin v16.2 - https:\/\/yoast.com\/wordpress\/plugins\/seo\/ -->\n<meta name=\"robots\" content=\"index, follow, max-snippet:-1, max-image-preview:large, max-video-preview:-1\" \/>\n<link rel=\"canonical\" href=\"http:\/\/www.arizacapitallaw.com\/home\/asamblea-general-de-socios-ccbe-2021\/\" \/>\n<meta property=\"og:locale\" content=\"pt_BR\" \/>\n<meta property=\"og:type\" content=\"article\" \/>\n<meta property=\"og:title\" content=\"Asamblea General de Socios CCBE 2021 - Ariza Capital&amp;law\" \/>\n<meta property=\"og:description\" content=\"La&nbsp;C\u00e1mara de Comercio Brasil-Espa\u00f1a (CCBE) ha celebrado su Asamblea General de Socios en formato h\u00edbrido&nbsp;(presencial y telem\u00e1tico) y en cumplimiento con el Real Decreto 956\/2020, del 3 de noviembre, por el que se prorroga el Estado de Alarma declarado en Espa\u00f1a a trav\u00e9s del Real Decreto 926\/2020, de 25 de octubre. Durante la Asamblea se [&hellip;]\" \/>\n<meta property=\"og:url\" content=\"http:\/\/www.arizacapitallaw.com\/home\/asamblea-general-de-socios-ccbe-2021\/\" \/>\n<meta property=\"og:site_name\" content=\"Ariza Capital&amp;law\" \/>\n<meta property=\"article:published_time\" content=\"2021-05-25T16:47:48+00:00\" \/>\n<meta property=\"article:modified_time\" content=\"2021-05-26T09:05:08+00:00\" \/>\n<meta property=\"og:image\" content=\"http:\/\/www.arizacapitallaw.com\/home\/wp-content\/uploads\/2021\/05\/Asamblea_Ariza2021.png\" \/>\n\t<meta property=\"og:image:width\" content=\"1200\" \/>\n\t<meta property=\"og:image:height\" content=\"680\" \/>\n<meta name=\"twitter:card\" content=\"summary_large_image\" \/>\n<meta name=\"twitter:label1\" content=\"Est. tempo de leitura\">\n\t<meta name=\"twitter:data1\" content=\"6 minutos\">\n<script type=\"application\/ld+json\" class=\"yoast-schema-graph\">{\"@context\":\"https:\/\/schema.org\",\"@graph\":[{\"@type\":\"WebSite\",\"@id\":\"http:\/\/www.arizacapitallaw.com\/home\/en\/#website\",\"url\":\"http:\/\/www.arizacapitallaw.com\/home\/en\/\",\"name\":\"Ariza Capital&amp;law\",\"description\":\"Despacho Boutique Jur\\u00eddico y de Inversiones Sostenibles\",\"potentialAction\":[{\"@type\":\"SearchAction\",\"target\":\"http:\/\/www.arizacapitallaw.com\/home\/en\/?s={search_term_string}\",\"query-input\":\"required name=search_term_string\"}],\"inLanguage\":\"pt-BR\"},{\"@type\":\"ImageObject\",\"@id\":\"http:\/\/www.arizacapitallaw.com\/home\/asamblea-general-de-socios-ccbe-2021\/#primaryimage\",\"inLanguage\":\"pt-BR\",\"url\":\"http:\/\/www.arizacapitallaw.com\/home\/wp-content\/uploads\/2021\/05\/Asamblea_Ariza2021.png\",\"contentUrl\":\"http:\/\/www.arizacapitallaw.com\/home\/wp-content\/uploads\/2021\/05\/Asamblea_Ariza2021.png\",\"width\":1200,\"height\":680},{\"@type\":\"WebPage\",\"@id\":\"http:\/\/www.arizacapitallaw.com\/home\/asamblea-general-de-socios-ccbe-2021\/#webpage\",\"url\":\"http:\/\/www.arizacapitallaw.com\/home\/asamblea-general-de-socios-ccbe-2021\/\",\"name\":\"Asamblea General de Socios CCBE 2021 - Ariza Capital&amp;law\",\"isPartOf\":{\"@id\":\"http:\/\/www.arizacapitallaw.com\/home\/en\/#website\"},\"primaryImageOfPage\":{\"@id\":\"http:\/\/www.arizacapitallaw.com\/home\/asamblea-general-de-socios-ccbe-2021\/#primaryimage\"},\"datePublished\":\"2021-05-25T16:47:48+00:00\",\"dateModified\":\"2021-05-26T09:05:08+00:00\",\"author\":{\"@id\":\"http:\/\/www.arizacapitallaw.com\/home\/en\/#\/schema\/person\/ed847f1e3d9dfff51d0718f875fe4be1\"},\"breadcrumb\":{\"@id\":\"http:\/\/www.arizacapitallaw.com\/home\/asamblea-general-de-socios-ccbe-2021\/#breadcrumb\"},\"inLanguage\":\"pt-BR\",\"potentialAction\":[{\"@type\":\"ReadAction\",\"target\":[\"http:\/\/www.arizacapitallaw.com\/home\/asamblea-general-de-socios-ccbe-2021\/\"]}]},{\"@type\":\"BreadcrumbList\",\"@id\":\"http:\/\/www.arizacapitallaw.com\/home\/asamblea-general-de-socios-ccbe-2021\/#breadcrumb\",\"itemListElement\":[{\"@type\":\"ListItem\",\"position\":1,\"item\":{\"@type\":\"WebPage\",\"@id\":\"http:\/\/www.arizacapitallaw.com\/home\/en\/\",\"url\":\"http:\/\/www.arizacapitallaw.com\/home\/en\/\",\"name\":\"Portada\"}},{\"@type\":\"ListItem\",\"position\":2,\"item\":{\"@id\":\"http:\/\/www.arizacapitallaw.com\/home\/asamblea-general-de-socios-ccbe-2021\/#webpage\"}}]},{\"@type\":\"Person\",\"@id\":\"http:\/\/www.arizacapitallaw.com\/home\/en\/#\/schema\/person\/ed847f1e3d9dfff51d0718f875fe4be1\",\"name\":\"arizacapitallaw\"}]}<\/script>\n<!-- \/ Yoast SEO plugin. -->","_links":{"self":[{"href":"http:\/\/www.arizacapitallaw.com\/home\/pt\/wp-json\/wp\/v2\/posts\/2328"}],"collection":[{"href":"http:\/\/www.arizacapitallaw.com\/home\/pt\/wp-json\/wp\/v2\/posts"}],"about":[{"href":"http:\/\/www.arizacapitallaw.com\/home\/pt\/wp-json\/wp\/v2\/types\/post"}],"author":[{"embeddable":true,"href":"http:\/\/www.arizacapitallaw.com\/home\/pt\/wp-json\/wp\/v2\/users\/1"}],"replies":[{"embeddable":true,"href":"http:\/\/www.arizacapitallaw.com\/home\/pt\/wp-json\/wp\/v2\/comments?post=2328"}],"version-history":[{"count":9,"href":"http:\/\/www.arizacapitallaw.com\/home\/pt\/wp-json\/wp\/v2\/posts\/2328\/revisions"}],"predecessor-version":[{"id":2341,"href":"http:\/\/www.arizacapitallaw.com\/home\/pt\/wp-json\/wp\/v2\/posts\/2328\/revisions\/2341"}],"wp:featuredmedia":[{"embeddable":true,"href":"http:\/\/www.arizacapitallaw.com\/home\/pt\/wp-json\/wp\/v2\/media\/2329"}],"wp:attachment":[{"href":"http:\/\/www.arizacapitallaw.com\/home\/pt\/wp-json\/wp\/v2\/media?parent=2328"}],"wp:term":[{"taxonomy":"category","embeddable":true,"href":"http:\/\/www.arizacapitallaw.com\/home\/pt\/wp-json\/wp\/v2\/categories?post=2328"},{"taxonomy":"post_tag","embeddable":true,"href":"http:\/\/www.arizacapitallaw.com\/home\/pt\/wp-json\/wp\/v2\/tags?post=2328"}],"curies":[{"name":"wp","href":"https:\/\/api.w.org\/{rel}","templated":true}]}}